{"id":5436,"date":"2026-03-23T16:25:24","date_gmt":"2026-03-23T16:25:24","guid":{"rendered":"https:\/\/datico.com\/?p=5436"},"modified":"2026-04-25T18:39:13","modified_gmt":"2026-04-25T18:39:13","slug":"gregor-gretz-berlin-marathon-2026","status":"publish","type":"post","link":"https:\/\/datico.com\/de\/datico-team-news\/gregor-gretz-berlin-marathon-2026\/","title":{"rendered":"Berlin Marathon in 2:59:23"},"content":{"rendered":"\t\t<div data-elementor-type=\"wp-post\" data-elementor-id=\"5436\" class=\"elementor elementor-5436\" data-elementor-post-type=\"post\">\n\t\t\t\t<div class=\"elementor-element elementor-element-b321ca4 e-con-full e-flex e-con e-child\" data-id=\"b321ca4\" data-element_type=\"container\" data-e-type=\"container\">\n\t\t\t\t<div class=\"elementor-element elementor-element-04f2eca elementor-widget-divider--view-line elementor-widget elementor-widget-divider\" data-id=\"04f2eca\" data-element_type=\"widget\" data-e-type=\"widget\" data-widget_type=\"divider.default\">\n\t\t\t\t<div class=\"elementor-widget-container\">\n\t\t\t\t\t\t\t<div class=\"elementor-divider\">\n\t\t\t<span class=\"elementor-divider-separator\">\n\t\t\t\t\t\t<\/span>\n\t\t<\/div>\n\t\t\t\t\t\t<\/div>\n\t\t\t\t<\/div>\n\t\t\t\t<div class=\"elementor-element elementor-element-7a9e29d elementor-widget elementor-widget-text-editor\" data-id=\"7a9e29d\" data-element_type=\"widget\" data-e-type=\"widget\" data-widget_type=\"text-editor.default\">\n\t\t\t\t<div class=\"elementor-widget-container\">\n\t\t\t\t\t\t\t\t\t<p>Gregor Gretz<\/p>\t\t\t\t\t\t\t\t<\/div>\n\t\t\t\t<\/div>\n\t\t\t\t<div class=\"elementor-element elementor-element-cbde89b elementor-widget elementor-widget-heading\" data-id=\"cbde89b\" data-element_type=\"widget\" data-e-type=\"widget\" data-widget_type=\"heading.default\">\n\t\t\t\t<div class=\"elementor-widget-container\">\n\t\t\t\t\t<h2 class=\"elementor-heading-title elementor-size-default\">Sub3-Finish beim Berlin Marathon <\/h2>\t\t\t\t<\/div>\n\t\t\t\t<\/div>\n\t\t\t\t<div class=\"elementor-element elementor-element-0d5ffbb elementor-widget-divider--view-line elementor-widget elementor-widget-divider\" data-id=\"0d5ffbb\" data-element_type=\"widget\" data-e-type=\"widget\" data-widget_type=\"divider.default\">\n\t\t\t\t<div class=\"elementor-widget-container\">\n\t\t\t\t\t\t\t<div class=\"elementor-divider\">\n\t\t\t<span class=\"elementor-divider-separator\">\n\t\t\t\t\t\t<\/span>\n\t\t<\/div>\n\t\t\t\t\t\t<\/div>\n\t\t\t\t<\/div>\n\t\t\t\t<div class=\"elementor-element elementor-element-575ccde elementor-widget elementor-widget-text-editor\" data-id=\"575ccde\" data-element_type=\"widget\" data-e-type=\"widget\" data-widget_type=\"text-editor.default\">\n\t\t\t\t<div class=\"elementor-widget-container\">\n\t\t\t\t\t\t\t\t\t<h4 data-section-id=\"1mobjr4\" data-start=\"308\" data-end=\"388\">Beispiel f\u00fcr datenbasierte Leistung<\/h4>\n<p data-start=\"390\" data-end=\"662\">Am 21. September 2025 stand f\u00fcr <span class=\"hover:entity-accent entity-underline inline cursor-pointer align-baseline\"><span class=\"whitespace-normal\">Gregor Gretz<\/span><\/span> ein besonderes Rennen an: der <span class=\"hover:entity-accent entity-underline inline cursor-pointer align-baseline\"><span class=\"whitespace-normal\">Berlin Marathon<\/span><\/span>. Mit einer Zeit von 2:59:23 Stunden durchbrach er dabei zum zweiten Mal eine der symboltr\u00e4chtigsten Marken im Marathonlauf \u2013 die Sub-3-Stunden-Grenze. Und das auch noch bei au\u00dfergew\u00f6hnlichen Temperaturen &#8211; mit bis zu 27 Grad war es der hei\u00dfeste Berlin-Marathon aller Zeiten!\u00a0\u00a0<\/p>\n<p data-start=\"664\" data-end=\"837\">Diese Leistung ist weit mehr als eine reine Zielzeit. Sie steht f\u00fcr eine pr\u00e4zise geplante und konsequent umgesetzte Strategie \u00fcber die gesamte Distanz von 42,195 Kilometern.<\/p>\n<hr data-start=\"839\" data-end=\"842\" \/>\n<h4 data-section-id=\"114lff8\" data-start=\"844\" data-end=\"889\"><br \/>Konstanz als entscheidender Erfolgsfaktor<\/h4>\n<p data-start=\"891\" data-end=\"1152\">Was diesen Lauf besonders macht, ist weniger ein einzelner schneller Abschnitt als vielmehr die bemerkenswerte Gleichm\u00e4\u00dfigkeit \u00fcber das gesamte Rennen. Gregor lief eine stabile Pace vom Start bis ins Ziel, ohne signifikante Einbr\u00fcche auf den letzten Kilometern.<\/p>\n<p data-start=\"1154\" data-end=\"1416\">Gerade im Marathon, wo viele Rennen erst auf den finalen zehn Kilometern entschieden werden, ist diese Form der Kontrolle ein entscheidender Erfolgsfaktor. Sie zeigt, dass Vorbereitung, Renneinteilung und Belastungssteuerung optimal aufeinander abgestimmt waren.<\/p>\n<p data-start=\"1418\" data-end=\"1548\">Aus Datenperspektive entsteht so ein nahezu ideales Profil: konstante Leistung, klare Struktur und ein sauber durchgezogener Plan.<\/p>\t\t\t\t\t\t\t\t<\/div>\n\t\t\t\t<\/div>\n\t\t\t\t<div class=\"elementor-element elementor-element-58cc602 elementor-widget elementor-widget-image\" data-id=\"58cc602\" data-element_type=\"widget\" data-e-type=\"widget\" data-widget_type=\"image.default\">\n\t\t\t\t<div class=\"elementor-widget-container\">\n\t\t\t\t\t\t\t\t\t\t\t\t\t\t\t<img fetchpriority=\"high\" decoding=\"async\" width=\"1200\" height=\"1200\" src=\"https:\/\/datico.com\/wp-content\/uploads\/2026\/03\/Gregor-und-Harry-StylesBerlin-Marathon.webp\" class=\"attachment-full size-full wp-image-5635\" alt=\"Gregor und Harry Styles beim Berlin Marathon - Sport-Event Analyse mit Datico\" srcset=\"https:\/\/datico.com\/wp-content\/uploads\/2026\/03\/Gregor-und-Harry-StylesBerlin-Marathon.webp 1200w, https:\/\/datico.com\/wp-content\/uploads\/2026\/03\/Gregor-und-Harry-StylesBerlin-Marathon-300x300.webp 300w, https:\/\/datico.com\/wp-content\/uploads\/2026\/03\/Gregor-und-Harry-StylesBerlin-Marathon-1024x1024.webp 1024w, https:\/\/datico.com\/wp-content\/uploads\/2026\/03\/Gregor-und-Harry-StylesBerlin-Marathon-150x150.webp 150w, https:\/\/datico.com\/wp-content\/uploads\/2026\/03\/Gregor-und-Harry-StylesBerlin-Marathon-768x768.webp 768w\" sizes=\"(max-width: 1200px) 100vw, 1200px\" \/>\t\t\t\t\t\t\t\t\t\t\t\t\t\t\t<\/div>\n\t\t\t\t<\/div>\n\t\t\t\t<div class=\"elementor-element elementor-element-f7cef3c elementor-widget elementor-widget-text-editor\" data-id=\"f7cef3c\" data-element_type=\"widget\" data-e-type=\"widget\" data-widget_type=\"text-editor.default\">\n\t\t\t\t<div class=\"elementor-widget-container\">\n\t\t\t\t\t\t\t\t\t<p data-start=\"1418\" data-end=\"1548\"><span style=\"font-size: 24px; font-weight: bold;\">Ein ungew\u00f6hnlicher Rennmoment<\/span><\/p>\n<p data-start=\"1590\" data-end=\"1853\">Eine besondere Randnotiz ergab sich w\u00e4hrend des Rennens selbst. \u00dcber weite Strecken bewegte sich Gregor im gleichen Tempobereich wie <span class=\"hover:entity-accent entity-underline inline cursor-pointer align-baseline\"><span class=\"whitespace-normal\">Harry Styles<\/span><\/span>, der ebenfalls am Berlin Marathon teilnahm und das Rennen in unter drei Stunden absolvierte.<\/p>\n<p data-start=\"1855\" data-end=\"2080\">Immer wieder ergaben sich parallele Rennabschnitte \u2013 zwei v\u00f6llig unterschiedliche Hintergr\u00fcnde, aber f\u00fcr diesen Moment ein identischer Rhythmus. Solche Situationen sind selten planbar, bleiben aber umso st\u00e4rker in Erinnerung.<\/p>\n<hr data-start=\"2082\" data-end=\"2085\">\n<h4 data-section-id=\"ssezzp\" data-start=\"2087\" data-end=\"2143\"><br>Teil eines gr\u00f6\u00dferen Ziels: die World Marathon Majors<\/h4>\n<p data-start=\"2145\" data-end=\"2424\">Der Berlin Marathon ist Teil der <span class=\"hover:entity-accent entity-underline inline cursor-pointer align-baseline\"><span class=\"whitespace-normal\">World Marathon Majors<\/span><\/span>, einer Serie der bedeutendsten Marathonl\u00e4ufe weltweit. F\u00fcr Gregor ist die Teilnahme daher kein isoliertes Ereignis, sondern Teil eines langfristigen Ziels: alle Rennen dieser Serie erfolgreich zu absolvieren.<\/p>\n<p data-start=\"2426\" data-end=\"2593\">Mit dem Rennen in Berlin ist ein weiterer wichtiger Schritt auf diesem Weg erreicht \u2013 verbunden mit einer Leistung, die die Grundlage f\u00fcr die kommenden Stationen legt.<\/p>\n<hr data-start=\"2595\" data-end=\"2598\">\n<p data-start=\"3167\" data-end=\"3221\">\n<\/p><h4 data-section-id=\"6ubhdy\" data-start=\"3228\" data-end=\"3237\">Fazit<\/h4>\n<p data-start=\"3239\" data-end=\"3389\">Ein Marathon unter drei Stunden entsteht nicht zuf\u00e4llig. Er ist das Ergebnis aus Disziplin, Systematik und einer klar datenbasierten Herangehensweise.<\/p>\n<p data-start=\"3391\" data-end=\"3619\">Der Lauf von Gregor Gretz beim Berlin Marathon zeigt eindr\u00fccklich, wie diese Faktoren zusammenspielen k\u00f6nnen. Und manchmal entstehen dabei zus\u00e4tzlich Momente, die sich nicht planen lassen \u2013 aber eine Geschichte besonders machen.<\/p>\n<p data-start=\"3621\" data-end=\"3735\">Wir gratulieren zu dieser starken Leistung und blicken gespannt auf die n\u00e4chsten Rennen der World Marathon Majors.<\/p>\t\t\t\t\t\t\t\t<\/div>\n\t\t\t\t<\/div>\n\t\t\t\t<div class=\"elementor-element elementor-element-e013ef0 elementor-widget-divider--view-line elementor-widget elementor-widget-divider\" data-id=\"e013ef0\" data-element_type=\"widget\" data-e-type=\"widget\" data-widget_type=\"divider.default\">\n\t\t\t\t<div class=\"elementor-widget-container\">\n\t\t\t\t\t\t\t<div class=\"elementor-divider\">\n\t\t\t<span class=\"elementor-divider-separator\">\n\t\t\t\t\t\t<\/span>\n\t\t<\/div>\n\t\t\t\t\t\t<\/div>\n\t\t\t\t<\/div>\n\t\t\t\t<\/div>\n\t\t\t\t<\/div>\n\t\t","protected":false},"excerpt":{"rendered":"<p>Gregor Gretz Sub3-Finish beim Berlin Marathon Beispiel f\u00fcr datenbasierte Leistung Am 21. September 2025 stand f\u00fcr Gregor Gretz ein besonderes Rennen an: der Berlin Marathon. Mit einer Zeit von 2:59:23 Stunden durchbrach er dabei zum zweiten Mal eine der symboltr\u00e4chtigsten Marken im Marathonlauf \u2013 die Sub-3-Stunden-Grenze. Und das auch noch bei au\u00dfergew\u00f6hnlichen Temperaturen &#8211; mit&hellip;&nbsp;<a href=\"https:\/\/datico.com\/de\/datico-team-news\/gregor-gretz-berlin-marathon-2026\/\" rel=\"bookmark\">Weiterlesen &raquo;<span class=\"screen-reader-text\">Berlin Marathon in 2:59:23<\/span><\/a><\/p>\n","protected":false},"author":1,"featured_media":6219,"comment_status":"closed","ping_status":"closed","sticky":false,"template":"","format":"standard","meta":{"_angie_page":false,"neve_meta_sidebar":"","neve_meta_container":"","neve_meta_enable_content_width":"","neve_meta_content_width":0,"neve_meta_title_alignment":"","neve_meta_author_avatar":"","neve_post_elements_order":"","neve_meta_disable_header":"","neve_meta_disable_footer":"","neve_meta_disable_title":"","page_builder":"","footnotes":""},"categories":[93],"tags":[],"class_list":["post-5436","post","type-post","status-publish","format-standard","has-post-thumbnail","hentry","category-datico-team-news"],"_links":{"self":[{"href":"https:\/\/datico.com\/de\/wp-json\/wp\/v2\/posts\/5436","targetHints":{"allow":["GET"]}}],"collection":[{"href":"https:\/\/datico.com\/de\/wp-json\/wp\/v2\/posts"}],"about":[{"href":"https:\/\/datico.com\/de\/wp-json\/wp\/v2\/types\/post"}],"author":[{"embeddable":true,"href":"https:\/\/datico.com\/de\/wp-json\/wp\/v2\/users\/1"}],"replies":[{"embeddable":true,"href":"https:\/\/datico.com\/de\/wp-json\/wp\/v2\/comments?post=5436"}],"version-history":[{"count":5,"href":"https:\/\/datico.com\/de\/wp-json\/wp\/v2\/posts\/5436\/revisions"}],"predecessor-version":[{"id":7370,"href":"https:\/\/datico.com\/de\/wp-json\/wp\/v2\/posts\/5436\/revisions\/7370"}],"wp:featuredmedia":[{"embeddable":true,"href":"https:\/\/datico.com\/de\/wp-json\/wp\/v2\/media\/6219"}],"wp:attachment":[{"href":"https:\/\/datico.com\/de\/wp-json\/wp\/v2\/media?parent=5436"}],"wp:term":[{"taxonomy":"category","embeddable":true,"href":"https:\/\/datico.com\/de\/wp-json\/wp\/v2\/categories?post=5436"},{"taxonomy":"post_tag","embeddable":true,"href":"https:\/\/datico.com\/de\/wp-json\/wp\/v2\/tags?post=5436"}],"curies":[{"name":"wp","href":"https:\/\/api.w.org\/{rel}","templated":true}]}}